{"id":20628,"date":"2022-07-19T17:06:09","date_gmt":"2022-07-19T15:06:09","guid":{"rendered":"https:\/\/www.arenamartinez.com\/?p=20628"},"modified":"2022-07-21T17:37:51","modified_gmt":"2022-07-21T15:37:51","slug":"can-art-fair-in-ibiza","status":"publish","type":"post","link":"https:\/\/www.arenamartinez.com\/en\/blog\/can-art-fair-in-ibiza","title":{"rendered":"CAN Art Fair in Ibiza"},"content":{"rendered":"<p style=\"text-align: center;\"><em>Last week, from July 13th to 17th, the first edition of the CAN Art Fair in Ibiza kicked off, giving voice to the most innovative emerging artists of the moment. The name of the fair comes from &#8220;Contemporary Art Now&#8221;, and according to its director and founder, Sergio Sancho, the idea arose as a result of the need to contribute their grain of sand and want to turn the city into a cultural benchmark. \u201cCAN\u201d also means \u201chouse of\u201d in Ibizan, which would make Ibiza \u201cthe house of art\u201d.<\/em><\/p>\n<p style=\"text-align: center;\"><a href=\"https:\/\/www.arenamartinez.com\/wp-content\/uploads\/2022\/07\/slow-fashion-made-in-spain-arena-martinez-can-art-fair-ibiza-2022-01.jpg\"><img loading=\"lazy\" decoding=\"async\" class=\"aligncenter wp-image-20596 size-full\" src=\"https:\/\/www.arenamartinez.com\/wp-content\/uploads\/2022\/07\/slow-fashion-made-in-spain-arena-martinez-can-art-fair-ibiza-2022-01.jpg\" alt=\"Slow fashion made in Spain - Arena Mart\u00ednez - CAN Art Fair - Ibiza - 2022 - 01\" width=\"500\" height=\"753\" srcset=\"https:\/\/www.arenamartinez.com\/wp-content\/uploads\/2022\/07\/slow-fashion-made-in-spain-arena-martinez-can-art-fair-ibiza-2022-01.jpg 500w, https:\/\/www.arenamartinez.com\/wp-content\/uploads\/2022\/07\/slow-fashion-made-in-spain-arena-martinez-can-art-fair-ibiza-2022-01-199x300.jpg 199w, https:\/\/www.arenamartinez.com\/wp-content\/uploads\/2022\/07\/slow-fashion-made-in-spain-arena-martinez-can-art-fair-ibiza-2022-01-400x602.jpg 400w\" sizes=\"auto, (max-width: 500px) 100vw, 500px\" \/><\/a><\/p>\n<p style=\"text-align: center;\">Contemporary Art Now reflects the fixation to renew what is already contemporary. His philosophy is that there is only one thing more current than today: now. And the \u201cNow\u201d in their name is a declaration that what interests them is the latest in Contemporary Art, the most recent.<\/p>\n<p style=\"text-align: center;\"><a href=\"https:\/\/www.arenamartinez.com\/wp-content\/uploads\/2022\/07\/slow-fashion-made-in-spain-arena-martinez-can-art-fair-ibiza-2022-05.jpg\"><img loading=\"lazy\" decoding=\"async\" class=\"aligncenter wp-image-20604\" src=\"https:\/\/www.arenamartinez.com\/wp-content\/uploads\/2022\/07\/slow-fashion-made-in-spain-arena-martinez-can-art-fair-ibiza-2022-05-576x1024.jpg\" alt=\"Slow fashion made in Spain - Arena Mart\u00ednez - CAN Art Fair - Ibiza - 2022 - 05\" width=\"500\" height=\"889\" srcset=\"https:\/\/www.arenamartinez.com\/wp-content\/uploads\/2022\/07\/slow-fashion-made-in-spain-arena-martinez-can-art-fair-ibiza-2022-05-576x1024.jpg 576w, https:\/\/www.arenamartinez.com\/wp-content\/uploads\/2022\/07\/slow-fashion-made-in-spain-arena-martinez-can-art-fair-ibiza-2022-05-600x1067.jpg 600w, https:\/\/www.arenamartinez.com\/wp-content\/uploads\/2022\/07\/slow-fashion-made-in-spain-arena-martinez-can-art-fair-ibiza-2022-05-169x300.jpg 169w, https:\/\/www.arenamartinez.com\/wp-content\/uploads\/2022\/07\/slow-fashion-made-in-spain-arena-martinez-can-art-fair-ibiza-2022-05-768x1365.jpg 768w, https:\/\/www.arenamartinez.com\/wp-content\/uploads\/2022\/07\/slow-fashion-made-in-spain-arena-martinez-can-art-fair-ibiza-2022-05-400x711.jpg 400w, https:\/\/www.arenamartinez.com\/wp-content\/uploads\/2022\/07\/slow-fashion-made-in-spain-arena-martinez-can-art-fair-ibiza-2022-05.jpg 828w\" sizes=\"auto, (max-width: 500px) 100vw, 500px\" \/><\/a><\/p>\n<p style=\"text-align: center;\"><a href=\"https:\/\/www.arenamartinez.com\/wp-content\/uploads\/2022\/07\/slow-fashion-made-in-spain-arena-martinez-can-art-fair-ibiza-2022-10.jpg\"><img loading=\"lazy\" decoding=\"async\" class=\"aligncenter wp-image-20614\" src=\"https:\/\/www.arenamartinez.com\/wp-content\/uploads\/2022\/07\/slow-fashion-made-in-spain-arena-martinez-can-art-fair-ibiza-2022-10-768x1024.jpg\" alt=\"Slow fashion made in Spain - Arena Mart\u00ednez - CAN Art Fair - Ibiza - 2022 - 10\" width=\"500\" height=\"667\" srcset=\"https:\/\/www.arenamartinez.com\/wp-content\/uploads\/2022\/07\/slow-fashion-made-in-spain-arena-martinez-can-art-fair-ibiza-2022-10-768x1024.jpg 768w, https:\/\/www.arenamartinez.com\/wp-content\/uploads\/2022\/07\/slow-fashion-made-in-spain-arena-martinez-can-art-fair-ibiza-2022-10-1000x1334.jpg 1000w, https:\/\/www.arenamartinez.com\/wp-content\/uploads\/2022\/07\/slow-fashion-made-in-spain-arena-martinez-can-art-fair-ibiza-2022-10-225x300.jpg 225w, https:\/\/www.arenamartinez.com\/wp-content\/uploads\/2022\/07\/slow-fashion-made-in-spain-arena-martinez-can-art-fair-ibiza-2022-10-1152x1536.jpg 1152w, https:\/\/www.arenamartinez.com\/wp-content\/uploads\/2022\/07\/slow-fashion-made-in-spain-arena-martinez-can-art-fair-ibiza-2022-10-600x800.jpg 600w, https:\/\/www.arenamartinez.com\/wp-content\/uploads\/2022\/07\/slow-fashion-made-in-spain-arena-martinez-can-art-fair-ibiza-2022-10-400x533.jpg 400w, https:\/\/www.arenamartinez.com\/wp-content\/uploads\/2022\/07\/slow-fashion-made-in-spain-arena-martinez-can-art-fair-ibiza-2022-10.jpg 1400w\" sizes=\"auto, (max-width: 500px) 100vw, 500px\" \/><\/a><\/p>\n<p style=\"text-align: center;\">Arena Mart\u00ednez has attended the opening and the first day of the Fair, along with the artist Papartus, which is held at the FECOEV fairgrounds on the outskirts of Dalt Vila. For the occasion, the designer opted for the Pink Trip kimono (you can buy the blazer <a href=\"https:\/\/www.arenamartinez.com\/en\/prod\/pink-trip-blazer\">here<\/a>) combined with the Pink Trip pants. A fresh yet elegant design in collaboration with the aforementioned artist, Papartus, perfect for the mild temperatures of the island.<\/p>\n<p style=\"text-align: center;\"><img loading=\"lazy\" decoding=\"async\" class=\"aligncenter wp-image-20612\" src=\"https:\/\/www.arenamartinez.com\/wp-content\/uploads\/2022\/07\/slow-fashion-made-in-spain-arena-martinez-can-art-fair-ibiza-2022-09-768x1024.jpg\" alt=\"Slow fashion made in Spain - Arena Mart\u00ednez - CAN Art Fair - Ibiza - 2022 - 09\" width=\"500\" height=\"667\" srcset=\"https:\/\/www.arenamartinez.com\/wp-content\/uploads\/2022\/07\/slow-fashion-made-in-spain-arena-martinez-can-art-fair-ibiza-2022-09-768x1024.jpg 768w, https:\/\/www.arenamartinez.com\/wp-content\/uploads\/2022\/07\/slow-fashion-made-in-spain-arena-martinez-can-art-fair-ibiza-2022-09-1000x1334.jpg 1000w, https:\/\/www.arenamartinez.com\/wp-content\/uploads\/2022\/07\/slow-fashion-made-in-spain-arena-martinez-can-art-fair-ibiza-2022-09-225x300.jpg 225w, https:\/\/www.arenamartinez.com\/wp-content\/uploads\/2022\/07\/slow-fashion-made-in-spain-arena-martinez-can-art-fair-ibiza-2022-09-1152x1536.jpg 1152w, https:\/\/www.arenamartinez.com\/wp-content\/uploads\/2022\/07\/slow-fashion-made-in-spain-arena-martinez-can-art-fair-ibiza-2022-09-600x800.jpg 600w, https:\/\/www.arenamartinez.com\/wp-content\/uploads\/2022\/07\/slow-fashion-made-in-spain-arena-martinez-can-art-fair-ibiza-2022-09-400x533.jpg 400w, https:\/\/www.arenamartinez.com\/wp-content\/uploads\/2022\/07\/slow-fashion-made-in-spain-arena-martinez-can-art-fair-ibiza-2022-09.jpg 1400w\" sizes=\"auto, (max-width: 500px) 100vw, 500px\" \/><\/p>\n<p style=\"text-align: center;\">\u00a0 <img loading=\"lazy\" decoding=\"async\" class=\"wp-image-20606 alignnone\" src=\"https:\/\/www.arenamartinez.com\/wp-content\/uploads\/2022\/07\/slow-fashion-made-in-spain-arena-martinez-can-art-fair-ibiza-2022-06-768x1024.jpg\" alt=\"Slow fashion made in Spain - Arena Mart\u00ednez - CAN Art Fair - Ibiza - 2022 - 06\" width=\"309\" height=\"412\" srcset=\"https:\/\/www.arenamartinez.com\/wp-content\/uploads\/2022\/07\/slow-fashion-made-in-spain-arena-martinez-can-art-fair-ibiza-2022-06-768x1024.jpg 768w, https:\/\/www.arenamartinez.com\/wp-content\/uploads\/2022\/07\/slow-fashion-made-in-spain-arena-martinez-can-art-fair-ibiza-2022-06-1000x1334.jpg 1000w, https:\/\/www.arenamartinez.com\/wp-content\/uploads\/2022\/07\/slow-fashion-made-in-spain-arena-martinez-can-art-fair-ibiza-2022-06-225x300.jpg 225w, https:\/\/www.arenamartinez.com\/wp-content\/uploads\/2022\/07\/slow-fashion-made-in-spain-arena-martinez-can-art-fair-ibiza-2022-06-1152x1536.jpg 1152w, https:\/\/www.arenamartinez.com\/wp-content\/uploads\/2022\/07\/slow-fashion-made-in-spain-arena-martinez-can-art-fair-ibiza-2022-06-600x800.jpg 600w, https:\/\/www.arenamartinez.com\/wp-content\/uploads\/2022\/07\/slow-fashion-made-in-spain-arena-martinez-can-art-fair-ibiza-2022-06-400x533.jpg 400w, https:\/\/www.arenamartinez.com\/wp-content\/uploads\/2022\/07\/slow-fashion-made-in-spain-arena-martinez-can-art-fair-ibiza-2022-06.jpg 1400w\" sizes=\"auto, (max-width: 309px) 100vw, 309px\" \/>\u00a0 \u00a0 \u00a0<img loading=\"lazy\" decoding=\"async\" class=\"wp-image-20608 alignnone\" src=\"https:\/\/www.arenamartinez.com\/wp-content\/uploads\/2022\/07\/slow-fashion-made-in-spain-arena-martinez-can-art-fair-ibiza-2022-07-e1658241736445-769x1024.jpg\" alt=\"Slow fashion made in Spain - Arena Mart\u00ednez - CAN Art Fair - Ibiza - 2022 - 07\" width=\"310\" height=\"412\" srcset=\"https:\/\/www.arenamartinez.com\/wp-content\/uploads\/2022\/07\/slow-fashion-made-in-spain-arena-martinez-can-art-fair-ibiza-2022-07-e1658241736445-769x1024.jpg 769w, https:\/\/www.arenamartinez.com\/wp-content\/uploads\/2022\/07\/slow-fashion-made-in-spain-arena-martinez-can-art-fair-ibiza-2022-07-e1658241736445-1000x1331.jpg 1000w, https:\/\/www.arenamartinez.com\/wp-content\/uploads\/2022\/07\/slow-fashion-made-in-spain-arena-martinez-can-art-fair-ibiza-2022-07-e1658241736445-225x300.jpg 225w, https:\/\/www.arenamartinez.com\/wp-content\/uploads\/2022\/07\/slow-fashion-made-in-spain-arena-martinez-can-art-fair-ibiza-2022-07-e1658241736445-768x1023.jpg 768w, https:\/\/www.arenamartinez.com\/wp-content\/uploads\/2022\/07\/slow-fashion-made-in-spain-arena-martinez-can-art-fair-ibiza-2022-07-e1658241736445-1154x1536.jpg 1154w, https:\/\/www.arenamartinez.com\/wp-content\/uploads\/2022\/07\/slow-fashion-made-in-spain-arena-martinez-can-art-fair-ibiza-2022-07-e1658241736445-600x799.jpg 600w, https:\/\/www.arenamartinez.com\/wp-content\/uploads\/2022\/07\/slow-fashion-made-in-spain-arena-martinez-can-art-fair-ibiza-2022-07-e1658241736445-400x533.jpg 400w, https:\/\/www.arenamartinez.com\/wp-content\/uploads\/2022\/07\/slow-fashion-made-in-spain-arena-martinez-can-art-fair-ibiza-2022-07-e1658241736445.jpg 1400w\" sizes=\"auto, (max-width: 310px) 100vw, 310px\" \/><\/p>\n<p style=\"text-align: center;\"><img loading=\"lazy\" decoding=\"async\" class=\"wp-image-20624 alignnone\" src=\"https:\/\/www.arenamartinez.com\/wp-content\/uploads\/2022\/07\/slow-fashion-made-in-spain-arena-martinez-can-art-fair-ibiza-2022-15.png\" alt=\"Slow fashion made in Spain - Arena Mart\u00ednez - CAN Art Fair - Ibiza - 2022 - 15\" width=\"311\" height=\"346\" srcset=\"https:\/\/www.arenamartinez.com\/wp-content\/uploads\/2022\/07\/slow-fashion-made-in-spain-arena-martinez-can-art-fair-ibiza-2022-15.png 438w, https:\/\/www.arenamartinez.com\/wp-content\/uploads\/2022\/07\/slow-fashion-made-in-spain-arena-martinez-can-art-fair-ibiza-2022-15-269x300.png 269w, https:\/\/www.arenamartinez.com\/wp-content\/uploads\/2022\/07\/slow-fashion-made-in-spain-arena-martinez-can-art-fair-ibiza-2022-15-400x446.png 400w\" sizes=\"auto, (max-width: 311px) 100vw, 311px\" \/>\u00a0 \u00a0 \u00a0<img loading=\"lazy\" decoding=\"async\" class=\"wp-image-20622 alignnone\" src=\"https:\/\/www.arenamartinez.com\/wp-content\/uploads\/2022\/07\/slow-fashion-made-in-spain-arena-martinez-can-art-fair-ibiza-2022-14.png\" alt=\"Slow fashion made in Spain - Arena Mart\u00ednez - CAN Art Fair - Ibiza - 2022 - 14\" width=\"229\" height=\"364\" \/><\/p>\n<p style=\"text-align: center;\">This first edition brings together 37 international galleries, including the Spanish Galer\u00eda Alegr\u00eda, Artnueve, L21, Lundgren Gallery, VETA and Poligrafa Obra Gr\u00e1fica. As for artists, more than 130 from all over the world will attend, but in this blog we want to highlight Ana Barriga.<\/p>\n<p style=\"text-align: center;\"><a href=\"https:\/\/www.arenamartinez.com\/wp-content\/uploads\/2022\/07\/slow-fashion-made-in-spain-arena-martinez-can-art-fair-ibiza-2022-11.jpg\"><img loading=\"lazy\" decoding=\"async\" class=\"aligncenter wp-image-20616\" src=\"https:\/\/www.arenamartinez.com\/wp-content\/uploads\/2022\/07\/slow-fashion-made-in-spain-arena-martinez-can-art-fair-ibiza-2022-11-768x1024.jpg\" alt=\"Slow fashion made in Spain - Arena Mart\u00ednez - CAN Art Fair - Ibiza - 2022 - 11\" width=\"500\" height=\"667\" srcset=\"https:\/\/www.arenamartinez.com\/wp-content\/uploads\/2022\/07\/slow-fashion-made-in-spain-arena-martinez-can-art-fair-ibiza-2022-11-768x1024.jpg 768w, https:\/\/www.arenamartinez.com\/wp-content\/uploads\/2022\/07\/slow-fashion-made-in-spain-arena-martinez-can-art-fair-ibiza-2022-11-1000x1334.jpg 1000w, https:\/\/www.arenamartinez.com\/wp-content\/uploads\/2022\/07\/slow-fashion-made-in-spain-arena-martinez-can-art-fair-ibiza-2022-11-225x300.jpg 225w, https:\/\/www.arenamartinez.com\/wp-content\/uploads\/2022\/07\/slow-fashion-made-in-spain-arena-martinez-can-art-fair-ibiza-2022-11-1152x1536.jpg 1152w, https:\/\/www.arenamartinez.com\/wp-content\/uploads\/2022\/07\/slow-fashion-made-in-spain-arena-martinez-can-art-fair-ibiza-2022-11-600x800.jpg 600w, https:\/\/www.arenamartinez.com\/wp-content\/uploads\/2022\/07\/slow-fashion-made-in-spain-arena-martinez-can-art-fair-ibiza-2022-11-400x533.jpg 400w, https:\/\/www.arenamartinez.com\/wp-content\/uploads\/2022\/07\/slow-fashion-made-in-spain-arena-martinez-can-art-fair-ibiza-2022-11.jpg 1400w\" sizes=\"auto, (max-width: 500px) 100vw, 500px\" \/><\/a><\/p>\n<p style=\"text-align: center;\"><a href=\"https:\/\/www.arenamartinez.com\/wp-content\/uploads\/2022\/07\/slow-fashion-made-in-spain-arena-martinez-can-art-fair-ibiza-2022-02.jpg\"><img loading=\"lazy\" decoding=\"async\" class=\"aligncenter wp-image-20598\" src=\"https:\/\/www.arenamartinez.com\/wp-content\/uploads\/2022\/07\/slow-fashion-made-in-spain-arena-martinez-can-art-fair-ibiza-2022-02-576x1024.jpg\" alt=\"Slow fashion made in Spain - Arena Mart\u00ednez - CAN Art Fair - Ibiza - 2022 - 02\" width=\"500\" height=\"889\" srcset=\"https:\/\/www.arenamartinez.com\/wp-content\/uploads\/2022\/07\/slow-fashion-made-in-spain-arena-martinez-can-art-fair-ibiza-2022-02-576x1024.jpg 576w, https:\/\/www.arenamartinez.com\/wp-content\/uploads\/2022\/07\/slow-fashion-made-in-spain-arena-martinez-can-art-fair-ibiza-2022-02-600x1067.jpg 600w, https:\/\/www.arenamartinez.com\/wp-content\/uploads\/2022\/07\/slow-fashion-made-in-spain-arena-martinez-can-art-fair-ibiza-2022-02-169x300.jpg 169w, https:\/\/www.arenamartinez.com\/wp-content\/uploads\/2022\/07\/slow-fashion-made-in-spain-arena-martinez-can-art-fair-ibiza-2022-02-768x1365.jpg 768w, https:\/\/www.arenamartinez.com\/wp-content\/uploads\/2022\/07\/slow-fashion-made-in-spain-arena-martinez-can-art-fair-ibiza-2022-02-400x711.jpg 400w, https:\/\/www.arenamartinez.com\/wp-content\/uploads\/2022\/07\/slow-fashion-made-in-spain-arena-martinez-can-art-fair-ibiza-2022-02.jpg 828w\" sizes=\"auto, (max-width: 500px) 100vw, 500px\" \/><\/a><\/p>\n<p style=\"text-align: center;\">Ana is from Cadiz and has already appeared in <a href=\"https:\/\/www.instagram.com\/reel\/Cfq8H0ZAmVR\/\" target=\"_blank\" rel=\"noopener\">one of our reels<\/a>\u00a0and to whom we have dedicated, along with 4 other super inspiring Spanish women, another of our blogs that you can read <a href=\"https:\/\/www.arenamartinez.com\/en\/blog\/5-spanish-female-artists-you-should-know-about\">here<\/a>.<\/p>\n<p style=\"text-align: center;\">This fair, despite being its first edition, has been a complete success! A kind of artistic hub is being created in the Balearic Islands, since it is the destination chosen by galleries such as <a href=\"https:\/\/www.parra-romero.com\/\" target=\"_blank\" rel=\"noopener\">Parra &amp; Romero<\/a>, which have opened a new headquarters in Ibiza, or the well-known international <a href=\"https:\/\/www.hauserwirth.com\/\" target=\"_blank\" rel=\"noopener\">Hauser &amp; Wirth<\/a>, who have decided to open another gallery in Menorca.<\/p>\n<p style=\"text-align: center;\"><a href=\"https:\/\/www.arenamartinez.com\/wp-content\/uploads\/2022\/07\/slow-fashion-made-in-spain-arena-martinez-can-art-fair-ibiza-2022-03.jpg\"><img loading=\"lazy\" decoding=\"async\" class=\"aligncenter wp-image-20600\" src=\"https:\/\/www.arenamartinez.com\/wp-content\/uploads\/2022\/07\/slow-fashion-made-in-spain-arena-martinez-can-art-fair-ibiza-2022-03.jpg\" alt=\"Slow fashion made in Spain - Arena Mart\u00ednez - CAN Art Fair - Ibiza - 2022 - 03\" width=\"500\" height=\"304\" srcset=\"https:\/\/www.arenamartinez.com\/wp-content\/uploads\/2022\/07\/slow-fashion-made-in-spain-arena-martinez-can-art-fair-ibiza-2022-03.jpg 1024w, https:\/\/www.arenamartinez.com\/wp-content\/uploads\/2022\/07\/slow-fashion-made-in-spain-arena-martinez-can-art-fair-ibiza-2022-03-1000x608.jpg 1000w, https:\/\/www.arenamartinez.com\/wp-content\/uploads\/2022\/07\/slow-fashion-made-in-spain-arena-martinez-can-art-fair-ibiza-2022-03-300x183.jpg 300w, https:\/\/www.arenamartinez.com\/wp-content\/uploads\/2022\/07\/slow-fashion-made-in-spain-arena-martinez-can-art-fair-ibiza-2022-03-768x467.jpg 768w, https:\/\/www.arenamartinez.com\/wp-content\/uploads\/2022\/07\/slow-fashion-made-in-spain-arena-martinez-can-art-fair-ibiza-2022-03-600x365.jpg 600w, https:\/\/www.arenamartinez.com\/wp-content\/uploads\/2022\/07\/slow-fashion-made-in-spain-arena-martinez-can-art-fair-ibiza-2022-03-400x243.jpg 400w\" sizes=\"auto, (max-width: 500px) 100vw, 500px\" \/><\/a><\/p>\n<p style=\"text-align: center;\"><a href=\"https:\/\/www.arenamartinez.com\/wp-content\/uploads\/2022\/07\/slow-fashion-made-in-spain-arena-martinez-can-art-fair-ibiza-2022-16.jpeg\"><img loading=\"lazy\" decoding=\"async\" class=\"aligncenter wp-image-20626\" src=\"https:\/\/www.arenamartinez.com\/wp-content\/uploads\/2022\/07\/slow-fashion-made-in-spain-arena-martinez-can-art-fair-ibiza-2022-16.jpeg\" alt=\"Slow fashion made in Spain - Arena Mart\u00ednez - CAN Art Fair - Ibiza - 2022 - 16\" width=\"500\" height=\"334\" srcset=\"https:\/\/www.arenamartinez.com\/wp-content\/uploads\/2022\/07\/slow-fashion-made-in-spain-arena-martinez-can-art-fair-ibiza-2022-16.jpeg 449w, https:\/\/www.arenamartinez.com\/wp-content\/uploads\/2022\/07\/slow-fashion-made-in-spain-arena-martinez-can-art-fair-ibiza-2022-16-300x200.jpeg 300w, https:\/\/www.arenamartinez.com\/wp-content\/uploads\/2022\/07\/slow-fashion-made-in-spain-arena-martinez-can-art-fair-ibiza-2022-16-400x267.jpeg 400w\" sizes=\"auto, (max-width: 500px) 100vw, 500px\" \/><\/a><\/p>\n<p style=\"text-align: center;\">And speaking of Parra &amp; Romero, the place chosen for its new opening is Santa Gertrudis de Fruitera, a beautiful town on the island of Ibiza full of little white houses, where in recent years people like designers Jonathan Anderson\u00a0or <a href=\"https:\/\/www.jilsander.com\/it-it\/home\" target=\"_blank\" rel=\"noopener\">Jil Sander<\/a>\u00a0have bought a house, and others have decided to visit it, such as the film director James Cameron.<\/p>\n<p style=\"text-align: center;\"><img loading=\"lazy\" decoding=\"async\" class=\"aligncenter wp-image-20620\" src=\"https:\/\/www.arenamartinez.com\/wp-content\/uploads\/2022\/07\/slow-fashion-made-in-spain-arena-martinez-can-art-fair-ibiza-2022-12.jpeg\" alt=\"Slow fashion made in Spain - Arena Mart\u00ednez - CAN Art Fair - Ibiza - 2022 - 12\" width=\"500\" height=\"334\" srcset=\"https:\/\/www.arenamartinez.com\/wp-content\/uploads\/2022\/07\/slow-fashion-made-in-spain-arena-martinez-can-art-fair-ibiza-2022-12.jpeg 550w, https:\/\/www.arenamartinez.com\/wp-content\/uploads\/2022\/07\/slow-fashion-made-in-spain-arena-martinez-can-art-fair-ibiza-2022-12-300x200.jpeg 300w, https:\/\/www.arenamartinez.com\/wp-content\/uploads\/2022\/07\/slow-fashion-made-in-spain-arena-martinez-can-art-fair-ibiza-2022-12-400x267.jpeg 400w\" sizes=\"auto, (max-width: 500px) 100vw, 500px\" \/><\/p>\n<p style=\"text-align: center;\"><img loading=\"lazy\" decoding=\"async\" class=\"wp-image-20618 alignnone\" src=\"https:\/\/www.arenamartinez.com\/wp-content\/uploads\/2022\/07\/slow-fashion-made-in-spain-arena-martinez-can-art-fair-ibiza-2022-13.gif\" alt=\"Slow fashion made in Spain - Arena Mart\u00ednez - CAN Art Fair - Ibiza - 2022 - 13\" width=\"244\" height=\"185\" \/>\u00a0 \u00a0<img loading=\"lazy\" decoding=\"async\" class=\"wp-image-20602 alignnone\" src=\"https:\/\/www.arenamartinez.com\/wp-content\/uploads\/2022\/07\/slow-fashion-made-in-spain-arena-martinez-can-art-fair-ibiza-2022-04-1024x768.jpg\" alt=\"Slow fashion made in Spain - Arena Mart\u00ednez - CAN Art Fair - Ibiza - 2022 - 04\" width=\"245\" height=\"184\" srcset=\"https:\/\/www.arenamartinez.com\/wp-content\/uploads\/2022\/07\/slow-fashion-made-in-spain-arena-martinez-can-art-fair-ibiza-2022-04-1024x768.jpg 1024w, https:\/\/www.arenamartinez.com\/wp-content\/uploads\/2022\/07\/slow-fashion-made-in-spain-arena-martinez-can-art-fair-ibiza-2022-04-1000x750.jpg 1000w, https:\/\/www.arenamartinez.com\/wp-content\/uploads\/2022\/07\/slow-fashion-made-in-spain-arena-martinez-can-art-fair-ibiza-2022-04-300x225.jpg 300w, https:\/\/www.arenamartinez.com\/wp-content\/uploads\/2022\/07\/slow-fashion-made-in-spain-arena-martinez-can-art-fair-ibiza-2022-04-768x576.jpg 768w, https:\/\/www.arenamartinez.com\/wp-content\/uploads\/2022\/07\/slow-fashion-made-in-spain-arena-martinez-can-art-fair-ibiza-2022-04-1536x1152.jpg 1536w, https:\/\/www.arenamartinez.com\/wp-content\/uploads\/2022\/07\/slow-fashion-made-in-spain-arena-martinez-can-art-fair-ibiza-2022-04-600x450.jpg 600w, https:\/\/www.arenamartinez.com\/wp-content\/uploads\/2022\/07\/slow-fashion-made-in-spain-arena-martinez-can-art-fair-ibiza-2022-04-400x300.jpg 400w, https:\/\/www.arenamartinez.com\/wp-content\/uploads\/2022\/07\/slow-fashion-made-in-spain-arena-martinez-can-art-fair-ibiza-2022-04.jpg 1960w\" sizes=\"auto, (max-width: 245px) 100vw, 245px\" \/><\/p>\n<p style=\"text-align: center;\">What do you think about fairs returning to the face-to-face field? As you can see, we were very eager to attend one!<\/p>\n","protected":false},"excerpt":{"rendered":"<p>Last week, from July 13th to 17th, the first edition of the CAN Art Fair in Ibiza kicked off, giving voice to the most innovative emerging artists of the moment. The name of the fair comes from &#8220;Contemporary Art Now&#8221;, and according to its director and founder, Sergio Sancho, the idea arose as a result [&hellip;]<\/p>\n","protected":false},"author":2,"featured_media":20610,"comment_status":"closed","ping_status":"closed","sticky":false,"template":"","format":"standard","meta":{"footnotes":""},"categories":[50],"tags":[],"class_list":["post-20628","post","type-post","status-publish","format-standard","has-post-thumbnail","hentry","category-blog"],"_links":{"self":[{"href":"https:\/\/www.arenamartinez.com\/en\/wp-json\/wp\/v2\/posts\/20628","targetHints":{"allow":["GET"]}}],"collection":[{"href":"https:\/\/www.arenamartinez.com\/en\/wp-json\/wp\/v2\/posts"}],"about":[{"href":"https:\/\/www.arenamartinez.com\/en\/wp-json\/wp\/v2\/types\/post"}],"author":[{"embeddable":true,"href":"https:\/\/www.arenamartinez.com\/en\/wp-json\/wp\/v2\/users\/2"}],"replies":[{"embeddable":true,"href":"https:\/\/www.arenamartinez.com\/en\/wp-json\/wp\/v2\/comments?post=20628"}],"version-history":[{"count":0,"href":"https:\/\/www.arenamartinez.com\/en\/wp-json\/wp\/v2\/posts\/20628\/revisions"}],"wp:featuredmedia":[{"embeddable":true,"href":"https:\/\/www.arenamartinez.com\/en\/wp-json\/wp\/v2\/media\/20610"}],"wp:attachment":[{"href":"https:\/\/www.arenamartinez.com\/en\/wp-json\/wp\/v2\/media?parent=20628"}],"wp:term":[{"taxonomy":"category","embeddable":true,"href":"https:\/\/www.arenamartinez.com\/en\/wp-json\/wp\/v2\/categories?post=20628"},{"taxonomy":"post_tag","embeddable":true,"href":"https:\/\/www.arenamartinez.com\/en\/wp-json\/wp\/v2\/tags?post=20628"}],"curies":[{"name":"wp","href":"https:\/\/api.w.org\/{rel}","templated":true}]}}