{"id":4345,"date":"2019-07-04T13:15:46","date_gmt":"2019-07-04T13:15:46","guid":{"rendered":"https:\/\/www.arenamartinez.com\/?p=4345"},"modified":"2022-04-11T16:18:24","modified_gmt":"2022-04-11T14:18:24","slug":"mbfw-2019-vernissage-ss20","status":"publish","type":"post","link":"https:\/\/www.arenamartinez.com\/en\/blog\/mbfw-2019-vernissage-ss20","title":{"rendered":"MBFW 2019: Vernissage SS20"},"content":{"rendered":"<p style=\"text-align: center;\"><em>The month of July begins very moved for the world of fashion, invading the city of glamor with the # 70 edition of Mercedes Benz Fashion Week Madrid.The MBFW has a special program called OFF MBFW Madrid, where we had the privilege of opening Fashion Week by showing our SS20 collection in collaboration with the artist Papartus, offering to you a more vital, colorful and detailed face of their works. The parade took place in the Palace of the Dukes of Pastrana on Tuesday, July 2.VERNISSAGE has been the name we have chosen for our collection, summing up an explosion of color and a spring tribute to the freshness of the newly painted canvas. Being faithful to the DNA of the brand and our motto &#8220;You are the canvas&#8221;, these pieces &#8216;made in Madrid&#8217; have been designed for all those cosmopolitan women, risky and sure of themselves, different and special at the time of dressing. We hope you enjoyed each of the items in this collection as much as we did.From 5th-10th July the MBFW program continues with the catwalks of different designers, who have appeared in previous editions and each year captivate us with their designs, concepts and innovations.Special thanks &amp; credits:<\/em><\/p>\n<p style=\"text-align: center;\">Collaborating artist: Papartus<\/p>\n<p style=\"text-align: center;\">Photographer: Marco Presta<\/p>\n<p style=\"text-align: center;\">Stylist: Monica Anoz y Marcos<\/p>\n<p style=\"text-align: center;\">Casting director: Ismael Tounia<\/p>\n<p style=\"text-align: center;\">Make-up artist: Isabella Ching<\/p>\n<p style=\"text-align: center;\">Hairdresser: Fontalba Estilista<\/p>\n<p style=\"text-align: center;\">Jewelry: The Bones Jewelry<\/p>\n<p style=\"text-align: center;\">Shoes: Nike<\/p>\n<p style=\"text-align: center;\">PR &amp; Production: Jota Team Studio<\/p>\n<p style=\"text-align: center;\">Staff: Sara Rueda, Isabel Mart\u00ednez, Andrea G\u00f3mez y Mar\u00eda Fernanda Flamarique<\/p>\n<p>&nbsp;<\/p>\n<h2 style=\"text-align: center;\">\u00a0Our looks:<img loading=\"lazy\" decoding=\"async\" class=\"size-large wp-image-4351 aligncenter\" src=\"https:\/\/www.arenamartinez.com\/wp-content\/uploads\/2019\/07\/fashion-and-contemporary-art-arena-martinez-desfile-vernissage-2-683x1024.jpg\" alt=\"\" width=\"683\" height=\"1024\" srcset=\"https:\/\/www.arenamartinez.com\/wp-content\/uploads\/2019\/07\/fashion-and-contemporary-art-arena-martinez-desfile-vernissage-2-683x1024.jpg 683w, https:\/\/www.arenamartinez.com\/wp-content\/uploads\/2019\/07\/fashion-and-contemporary-art-arena-martinez-desfile-vernissage-2-scaled-800x1200.jpg 800w, https:\/\/www.arenamartinez.com\/wp-content\/uploads\/2019\/07\/fashion-and-contemporary-art-arena-martinez-desfile-vernissage-2-scaled-1000x1500.jpg 1000w, https:\/\/www.arenamartinez.com\/wp-content\/uploads\/2019\/07\/fashion-and-contemporary-art-arena-martinez-desfile-vernissage-2-200x300.jpg 200w, https:\/\/www.arenamartinez.com\/wp-content\/uploads\/2019\/07\/fashion-and-contemporary-art-arena-martinez-desfile-vernissage-2-768x1152.jpg 768w, https:\/\/www.arenamartinez.com\/wp-content\/uploads\/2019\/07\/fashion-and-contemporary-art-arena-martinez-desfile-vernissage-2-1080x1620.jpg 1080w, https:\/\/www.arenamartinez.com\/wp-content\/uploads\/2019\/07\/fashion-and-contemporary-art-arena-martinez-desfile-vernissage-2-scaled-400x600.jpg 400w, https:\/\/www.arenamartinez.com\/wp-content\/uploads\/2019\/07\/fashion-and-contemporary-art-arena-martinez-desfile-vernissage-2-scaled-600x900.jpg 600w, https:\/\/www.arenamartinez.com\/wp-content\/uploads\/2019\/07\/fashion-and-contemporary-art-arena-martinez-desfile-vernissage-2-scaled.jpg 1707w\" sizes=\"auto, (max-width: 683px) 100vw, 683px\" \/><\/h2>\n<p style=\"text-align: center;\">Model: Candela<\/p>\n<p><img loading=\"lazy\" decoding=\"async\" class=\"size-large wp-image-4353 aligncenter\" src=\"https:\/\/www.arenamartinez.com\/wp-content\/uploads\/2019\/07\/fashion-and-contemporary-art-arena-martinez-desfile-vernissage-3-683x1024.jpg\" alt=\"\" width=\"683\" height=\"1024\" srcset=\"https:\/\/www.arenamartinez.com\/wp-content\/uploads\/2019\/07\/fashion-and-contemporary-art-arena-martinez-desfile-vernissage-3-683x1024.jpg 683w, https:\/\/www.arenamartinez.com\/wp-content\/uploads\/2019\/07\/fashion-and-contemporary-art-arena-martinez-desfile-vernissage-3-scaled-800x1200.jpg 800w, https:\/\/www.arenamartinez.com\/wp-content\/uploads\/2019\/07\/fashion-and-contemporary-art-arena-martinez-desfile-vernissage-3-scaled-1000x1500.jpg 1000w, https:\/\/www.arenamartinez.com\/wp-content\/uploads\/2019\/07\/fashion-and-contemporary-art-arena-martinez-desfile-vernissage-3-200x300.jpg 200w, https:\/\/www.arenamartinez.com\/wp-content\/uploads\/2019\/07\/fashion-and-contemporary-art-arena-martinez-desfile-vernissage-3-768x1152.jpg 768w, https:\/\/www.arenamartinez.com\/wp-content\/uploads\/2019\/07\/fashion-and-contemporary-art-arena-martinez-desfile-vernissage-3-1080x1620.jpg 1080w, https:\/\/www.arenamartinez.com\/wp-content\/uploads\/2019\/07\/fashion-and-contemporary-art-arena-martinez-desfile-vernissage-3-scaled-400x600.jpg 400w, https:\/\/www.arenamartinez.com\/wp-content\/uploads\/2019\/07\/fashion-and-contemporary-art-arena-martinez-desfile-vernissage-3-scaled-600x900.jpg 600w, https:\/\/www.arenamartinez.com\/wp-content\/uploads\/2019\/07\/fashion-and-contemporary-art-arena-martinez-desfile-vernissage-3-scaled.jpg 1707w\" sizes=\"auto, (max-width: 683px) 100vw, 683px\" \/><\/p>\n<p style=\"text-align: center;\">Model: Paula Mart\u00ednez<\/p>\n<p><img loading=\"lazy\" decoding=\"async\" class=\"size-large wp-image-4355 aligncenter\" src=\"https:\/\/www.arenamartinez.com\/wp-content\/uploads\/2019\/07\/fashion-and-contemporary-art-arena-martinez-desfile-vernissage-4-683x1024.jpg\" alt=\"\" width=\"683\" height=\"1024\" srcset=\"https:\/\/www.arenamartinez.com\/wp-content\/uploads\/2019\/07\/fashion-and-contemporary-art-arena-martinez-desfile-vernissage-4-683x1024.jpg 683w, https:\/\/www.arenamartinez.com\/wp-content\/uploads\/2019\/07\/fashion-and-contemporary-art-arena-martinez-desfile-vernissage-4-scaled-800x1200.jpg 800w, https:\/\/www.arenamartinez.com\/wp-content\/uploads\/2019\/07\/fashion-and-contemporary-art-arena-martinez-desfile-vernissage-4-scaled-1000x1500.jpg 1000w, https:\/\/www.arenamartinez.com\/wp-content\/uploads\/2019\/07\/fashion-and-contemporary-art-arena-martinez-desfile-vernissage-4-200x300.jpg 200w, https:\/\/www.arenamartinez.com\/wp-content\/uploads\/2019\/07\/fashion-and-contemporary-art-arena-martinez-desfile-vernissage-4-768x1152.jpg 768w, https:\/\/www.arenamartinez.com\/wp-content\/uploads\/2019\/07\/fashion-and-contemporary-art-arena-martinez-desfile-vernissage-4-1080x1619.jpg 1080w, https:\/\/www.arenamartinez.com\/wp-content\/uploads\/2019\/07\/fashion-and-contemporary-art-arena-martinez-desfile-vernissage-4-scaled-400x600.jpg 400w, https:\/\/www.arenamartinez.com\/wp-content\/uploads\/2019\/07\/fashion-and-contemporary-art-arena-martinez-desfile-vernissage-4-scaled-600x900.jpg 600w, https:\/\/www.arenamartinez.com\/wp-content\/uploads\/2019\/07\/fashion-and-contemporary-art-arena-martinez-desfile-vernissage-4-scaled.jpg 1707w\" sizes=\"auto, (max-width: 683px) 100vw, 683px\" \/><\/p>\n<p style=\"text-align: center;\">Model: Nen\u00e9 Pereira<\/p>\n<p><img loading=\"lazy\" decoding=\"async\" class=\"size-large wp-image-4357 aligncenter\" src=\"https:\/\/www.arenamartinez.com\/wp-content\/uploads\/2019\/07\/fashion-and-contemporary-art-arena-martinez-desfile-vernissage-5-683x1024.jpg\" alt=\"\" width=\"683\" height=\"1024\" srcset=\"https:\/\/www.arenamartinez.com\/wp-content\/uploads\/2019\/07\/fashion-and-contemporary-art-arena-martinez-desfile-vernissage-5-683x1024.jpg 683w, https:\/\/www.arenamartinez.com\/wp-content\/uploads\/2019\/07\/fashion-and-contemporary-art-arena-martinez-desfile-vernissage-5-scaled-800x1200.jpg 800w, https:\/\/www.arenamartinez.com\/wp-content\/uploads\/2019\/07\/fashion-and-contemporary-art-arena-martinez-desfile-vernissage-5-scaled-1000x1501.jpg 1000w, https:\/\/www.arenamartinez.com\/wp-content\/uploads\/2019\/07\/fashion-and-contemporary-art-arena-martinez-desfile-vernissage-5-200x300.jpg 200w, https:\/\/www.arenamartinez.com\/wp-content\/uploads\/2019\/07\/fashion-and-contemporary-art-arena-martinez-desfile-vernissage-5-768x1152.jpg 768w, https:\/\/www.arenamartinez.com\/wp-content\/uploads\/2019\/07\/fashion-and-contemporary-art-arena-martinez-desfile-vernissage-5-1080x1620.jpg 1080w, https:\/\/www.arenamartinez.com\/wp-content\/uploads\/2019\/07\/fashion-and-contemporary-art-arena-martinez-desfile-vernissage-5-scaled-400x600.jpg 400w, https:\/\/www.arenamartinez.com\/wp-content\/uploads\/2019\/07\/fashion-and-contemporary-art-arena-martinez-desfile-vernissage-5-scaled-600x900.jpg 600w, https:\/\/www.arenamartinez.com\/wp-content\/uploads\/2019\/07\/fashion-and-contemporary-art-arena-martinez-desfile-vernissage-5-scaled.jpg 1706w\" sizes=\"auto, (max-width: 683px) 100vw, 683px\" \/><\/p>\n<p style=\"text-align: center;\">Model: Mar\u00eda Sobrino<\/p>\n<p><img loading=\"lazy\" decoding=\"async\" class=\"size-large wp-image-4359 aligncenter\" src=\"https:\/\/www.arenamartinez.com\/wp-content\/uploads\/2019\/07\/fashion-and-contemporary-art-arena-martinez-desfile-vernissage-6-683x1024.jpg\" alt=\"\" width=\"683\" height=\"1024\" srcset=\"https:\/\/www.arenamartinez.com\/wp-content\/uploads\/2019\/07\/fashion-and-contemporary-art-arena-martinez-desfile-vernissage-6-683x1024.jpg 683w, https:\/\/www.arenamartinez.com\/wp-content\/uploads\/2019\/07\/fashion-and-contemporary-art-arena-martinez-desfile-vernissage-6-scaled-800x1200.jpg 800w, https:\/\/www.arenamartinez.com\/wp-content\/uploads\/2019\/07\/fashion-and-contemporary-art-arena-martinez-desfile-vernissage-6-scaled-1000x1500.jpg 1000w, https:\/\/www.arenamartinez.com\/wp-content\/uploads\/2019\/07\/fashion-and-contemporary-art-arena-martinez-desfile-vernissage-6-200x300.jpg 200w, https:\/\/www.arenamartinez.com\/wp-content\/uploads\/2019\/07\/fashion-and-contemporary-art-arena-martinez-desfile-vernissage-6-768x1152.jpg 768w, https:\/\/www.arenamartinez.com\/wp-content\/uploads\/2019\/07\/fashion-and-contemporary-art-arena-martinez-desfile-vernissage-6-1080x1620.jpg 1080w, https:\/\/www.arenamartinez.com\/wp-content\/uploads\/2019\/07\/fashion-and-contemporary-art-arena-martinez-desfile-vernissage-6-scaled-400x600.jpg 400w, https:\/\/www.arenamartinez.com\/wp-content\/uploads\/2019\/07\/fashion-and-contemporary-art-arena-martinez-desfile-vernissage-6-scaled-600x900.jpg 600w, https:\/\/www.arenamartinez.com\/wp-content\/uploads\/2019\/07\/fashion-and-contemporary-art-arena-martinez-desfile-vernissage-6-scaled.jpg 1707w\" sizes=\"auto, (max-width: 683px) 100vw, 683px\" \/><\/p>\n<p style=\"text-align: center;\">Model: Shuai<\/p>\n<p><img loading=\"lazy\" decoding=\"async\" class=\"size-large wp-image-4361 aligncenter\" src=\"https:\/\/www.arenamartinez.com\/wp-content\/uploads\/2019\/07\/fashion-and-contemporary-art-arena-martinez-desfile-vernissage-7-683x1024.jpg\" alt=\"\" width=\"683\" height=\"1024\" srcset=\"https:\/\/www.arenamartinez.com\/wp-content\/uploads\/2019\/07\/fashion-and-contemporary-art-arena-martinez-desfile-vernissage-7-683x1024.jpg 683w, https:\/\/www.arenamartinez.com\/wp-content\/uploads\/2019\/07\/fashion-and-contemporary-art-arena-martinez-desfile-vernissage-7-scaled-800x1200.jpg 800w, https:\/\/www.arenamartinez.com\/wp-content\/uploads\/2019\/07\/fashion-and-contemporary-art-arena-martinez-desfile-vernissage-7-scaled-1000x1500.jpg 1000w, https:\/\/www.arenamartinez.com\/wp-content\/uploads\/2019\/07\/fashion-and-contemporary-art-arena-martinez-desfile-vernissage-7-200x300.jpg 200w, https:\/\/www.arenamartinez.com\/wp-content\/uploads\/2019\/07\/fashion-and-contemporary-art-arena-martinez-desfile-vernissage-7-768x1152.jpg 768w, https:\/\/www.arenamartinez.com\/wp-content\/uploads\/2019\/07\/fashion-and-contemporary-art-arena-martinez-desfile-vernissage-7-1080x1619.jpg 1080w, https:\/\/www.arenamartinez.com\/wp-content\/uploads\/2019\/07\/fashion-and-contemporary-art-arena-martinez-desfile-vernissage-7-scaled-400x600.jpg 400w, https:\/\/www.arenamartinez.com\/wp-content\/uploads\/2019\/07\/fashion-and-contemporary-art-arena-martinez-desfile-vernissage-7-scaled-600x900.jpg 600w, https:\/\/www.arenamartinez.com\/wp-content\/uploads\/2019\/07\/fashion-and-contemporary-art-arena-martinez-desfile-vernissage-7-scaled.jpg 1707w\" sizes=\"auto, (max-width: 683px) 100vw, 683px\" \/><\/p>\n<p style=\"text-align: center;\">Model: Ilenia Goiri<\/p>\n<p><img loading=\"lazy\" decoding=\"async\" class=\"size-large wp-image-4363 aligncenter\" src=\"https:\/\/www.arenamartinez.com\/wp-content\/uploads\/2019\/07\/fashion-and-contemporary-art-arena-martinez-desfile-vernissage-8-683x1024.jpg\" alt=\"\" width=\"683\" height=\"1024\" srcset=\"https:\/\/www.arenamartinez.com\/wp-content\/uploads\/2019\/07\/fashion-and-contemporary-art-arena-martinez-desfile-vernissage-8-683x1024.jpg 683w, https:\/\/www.arenamartinez.com\/wp-content\/uploads\/2019\/07\/fashion-and-contemporary-art-arena-martinez-desfile-vernissage-8-scaled-800x1200.jpg 800w, https:\/\/www.arenamartinez.com\/wp-content\/uploads\/2019\/07\/fashion-and-contemporary-art-arena-martinez-desfile-vernissage-8-scaled-1000x1500.jpg 1000w, https:\/\/www.arenamartinez.com\/wp-content\/uploads\/2019\/07\/fashion-and-contemporary-art-arena-martinez-desfile-vernissage-8-200x300.jpg 200w, https:\/\/www.arenamartinez.com\/wp-content\/uploads\/2019\/07\/fashion-and-contemporary-art-arena-martinez-desfile-vernissage-8-768x1152.jpg 768w, https:\/\/www.arenamartinez.com\/wp-content\/uploads\/2019\/07\/fashion-and-contemporary-art-arena-martinez-desfile-vernissage-8-1080x1620.jpg 1080w, https:\/\/www.arenamartinez.com\/wp-content\/uploads\/2019\/07\/fashion-and-contemporary-art-arena-martinez-desfile-vernissage-8-scaled-400x600.jpg 400w, https:\/\/www.arenamartinez.com\/wp-content\/uploads\/2019\/07\/fashion-and-contemporary-art-arena-martinez-desfile-vernissage-8-scaled-600x900.jpg 600w, https:\/\/www.arenamartinez.com\/wp-content\/uploads\/2019\/07\/fashion-and-contemporary-art-arena-martinez-desfile-vernissage-8-scaled.jpg 1707w\" sizes=\"auto, (max-width: 683px) 100vw, 683px\" \/><\/p>\n<p style=\"text-align: center;\">Model: Nick Obrien<\/p>\n<p><img loading=\"lazy\" decoding=\"async\" class=\"size-large wp-image-4365 aligncenter\" src=\"https:\/\/www.arenamartinez.com\/wp-content\/uploads\/2019\/07\/fashion-and-contemporary-art-arena-martinez-desfile-vernissage-9-683x1024.jpg\" alt=\"\" width=\"683\" height=\"1024\" srcset=\"https:\/\/www.arenamartinez.com\/wp-content\/uploads\/2019\/07\/fashion-and-contemporary-art-arena-martinez-desfile-vernissage-9-683x1024.jpg 683w, https:\/\/www.arenamartinez.com\/wp-content\/uploads\/2019\/07\/fashion-and-contemporary-art-arena-martinez-desfile-vernissage-9-scaled-800x1200.jpg 800w, https:\/\/www.arenamartinez.com\/wp-content\/uploads\/2019\/07\/fashion-and-contemporary-art-arena-martinez-desfile-vernissage-9-scaled-1000x1500.jpg 1000w, https:\/\/www.arenamartinez.com\/wp-content\/uploads\/2019\/07\/fashion-and-contemporary-art-arena-martinez-desfile-vernissage-9-200x300.jpg 200w, https:\/\/www.arenamartinez.com\/wp-content\/uploads\/2019\/07\/fashion-and-contemporary-art-arena-martinez-desfile-vernissage-9-768x1152.jpg 768w, https:\/\/www.arenamartinez.com\/wp-content\/uploads\/2019\/07\/fashion-and-contemporary-art-arena-martinez-desfile-vernissage-9-1080x1620.jpg 1080w, https:\/\/www.arenamartinez.com\/wp-content\/uploads\/2019\/07\/fashion-and-contemporary-art-arena-martinez-desfile-vernissage-9-scaled-400x600.jpg 400w, https:\/\/www.arenamartinez.com\/wp-content\/uploads\/2019\/07\/fashion-and-contemporary-art-arena-martinez-desfile-vernissage-9-scaled-600x900.jpg 600w, https:\/\/www.arenamartinez.com\/wp-content\/uploads\/2019\/07\/fashion-and-contemporary-art-arena-martinez-desfile-vernissage-9-scaled.jpg 1707w\" sizes=\"auto, (max-width: 683px) 100vw, 683px\" \/><\/p>\n<p style=\"text-align: center;\">Model: Laura L\u00f3pez<\/p>\n<p><img loading=\"lazy\" decoding=\"async\" class=\"size-large wp-image-4367 aligncenter\" src=\"https:\/\/www.arenamartinez.com\/wp-content\/uploads\/2019\/07\/fashion-and-contemporary-art-arena-martinez-desfile-vernissage-10-683x1024.jpg\" alt=\"\" width=\"683\" height=\"1024\" srcset=\"https:\/\/www.arenamartinez.com\/wp-content\/uploads\/2019\/07\/fashion-and-contemporary-art-arena-martinez-desfile-vernissage-10-683x1024.jpg 683w, https:\/\/www.arenamartinez.com\/wp-content\/uploads\/2019\/07\/fashion-and-contemporary-art-arena-martinez-desfile-vernissage-10-scaled-800x1200.jpg 800w, https:\/\/www.arenamartinez.com\/wp-content\/uploads\/2019\/07\/fashion-and-contemporary-art-arena-martinez-desfile-vernissage-10-scaled-1000x1501.jpg 1000w, https:\/\/www.arenamartinez.com\/wp-content\/uploads\/2019\/07\/fashion-and-contemporary-art-arena-martinez-desfile-vernissage-10-200x300.jpg 200w, https:\/\/www.arenamartinez.com\/wp-content\/uploads\/2019\/07\/fashion-and-contemporary-art-arena-martinez-desfile-vernissage-10-768x1152.jpg 768w, https:\/\/www.arenamartinez.com\/wp-content\/uploads\/2019\/07\/fashion-and-contemporary-art-arena-martinez-desfile-vernissage-10-1080x1620.jpg 1080w, https:\/\/www.arenamartinez.com\/wp-content\/uploads\/2019\/07\/fashion-and-contemporary-art-arena-martinez-desfile-vernissage-10-scaled-400x600.jpg 400w, https:\/\/www.arenamartinez.com\/wp-content\/uploads\/2019\/07\/fashion-and-contemporary-art-arena-martinez-desfile-vernissage-10-scaled-600x900.jpg 600w, https:\/\/www.arenamartinez.com\/wp-content\/uploads\/2019\/07\/fashion-and-contemporary-art-arena-martinez-desfile-vernissage-10-scaled.jpg 1706w\" sizes=\"auto, (max-width: 683px) 100vw, 683px\" \/><\/p>\n<p style=\"text-align: center;\">Model: Sergio G\u00f3mez<\/p>\n<p><img loading=\"lazy\" decoding=\"async\" class=\"size-large wp-image-4369 aligncenter\" src=\"https:\/\/www.arenamartinez.com\/wp-content\/uploads\/2019\/07\/fashion-and-contemporary-art-arena-martinez-desfile-vernissage-11-673x1024.jpg\" alt=\"\" width=\"673\" height=\"1024\" srcset=\"https:\/\/www.arenamartinez.com\/wp-content\/uploads\/2019\/07\/fashion-and-contemporary-art-arena-martinez-desfile-vernissage-11-673x1024.jpg 673w, https:\/\/www.arenamartinez.com\/wp-content\/uploads\/2019\/07\/fashion-and-contemporary-art-arena-martinez-desfile-vernissage-11-scaled-1000x1522.jpg 1000w, https:\/\/www.arenamartinez.com\/wp-content\/uploads\/2019\/07\/fashion-and-contemporary-art-arena-martinez-desfile-vernissage-11-197x300.jpg 197w, https:\/\/www.arenamartinez.com\/wp-content\/uploads\/2019\/07\/fashion-and-contemporary-art-arena-martinez-desfile-vernissage-11-768x1169.jpg 768w, https:\/\/www.arenamartinez.com\/wp-content\/uploads\/2019\/07\/fashion-and-contemporary-art-arena-martinez-desfile-vernissage-11-1080x1644.jpg 1080w, https:\/\/www.arenamartinez.com\/wp-content\/uploads\/2019\/07\/fashion-and-contemporary-art-arena-martinez-desfile-vernissage-11-scaled-600x913.jpg 600w, https:\/\/www.arenamartinez.com\/wp-content\/uploads\/2019\/07\/fashion-and-contemporary-art-arena-martinez-desfile-vernissage-11-scaled-400x609.jpg 400w, https:\/\/www.arenamartinez.com\/wp-content\/uploads\/2019\/07\/fashion-and-contemporary-art-arena-martinez-desfile-vernissage-11-scaled.jpg 1682w\" sizes=\"auto, (max-width: 673px) 100vw, 673px\" \/><\/p>\n<p style=\"text-align: center;\">Model: Carla Al\u00f3s<\/p>\n<p><img loading=\"lazy\" decoding=\"async\" class=\"size-large wp-image-4371 aligncenter\" src=\"https:\/\/www.arenamartinez.com\/wp-content\/uploads\/2019\/07\/fashion-and-contemporary-art-arena-martinez-desfile-vernissage-12-683x1024.jpg\" alt=\"\" width=\"683\" height=\"1024\" srcset=\"https:\/\/www.arenamartinez.com\/wp-content\/uploads\/2019\/07\/fashion-and-contemporary-art-arena-martinez-desfile-vernissage-12-683x1024.jpg 683w, https:\/\/www.arenamartinez.com\/wp-content\/uploads\/2019\/07\/fashion-and-contemporary-art-arena-martinez-desfile-vernissage-12-scaled-800x1200.jpg 800w, https:\/\/www.arenamartinez.com\/wp-content\/uploads\/2019\/07\/fashion-and-contemporary-art-arena-martinez-desfile-vernissage-12-scaled-1000x1500.jpg 1000w, https:\/\/www.arenamartinez.com\/wp-content\/uploads\/2019\/07\/fashion-and-contemporary-art-arena-martinez-desfile-vernissage-12-200x300.jpg 200w, https:\/\/www.arenamartinez.com\/wp-content\/uploads\/2019\/07\/fashion-and-contemporary-art-arena-martinez-desfile-vernissage-12-768x1152.jpg 768w, https:\/\/www.arenamartinez.com\/wp-content\/uploads\/2019\/07\/fashion-and-contemporary-art-arena-martinez-desfile-vernissage-12-1080x1620.jpg 1080w, https:\/\/www.arenamartinez.com\/wp-content\/uploads\/2019\/07\/fashion-and-contemporary-art-arena-martinez-desfile-vernissage-12-scaled-400x600.jpg 400w, https:\/\/www.arenamartinez.com\/wp-content\/uploads\/2019\/07\/fashion-and-contemporary-art-arena-martinez-desfile-vernissage-12-scaled-600x900.jpg 600w, https:\/\/www.arenamartinez.com\/wp-content\/uploads\/2019\/07\/fashion-and-contemporary-art-arena-martinez-desfile-vernissage-12-scaled.jpg 1707w\" sizes=\"auto, (max-width: 683px) 100vw, 683px\" \/><\/p>\n<p style=\"text-align: center;\">Model: Rodrigo Laguna<\/p>\n<p><img loading=\"lazy\" decoding=\"async\" class=\"size-large wp-image-4373 aligncenter\" src=\"https:\/\/www.arenamartinez.com\/wp-content\/uploads\/2019\/07\/fashion-and-contemporary-art-arena-martinez-desfile-vernissage-13-683x1024.jpg\" alt=\"\" width=\"683\" height=\"1024\" \/><\/p>\n<p style=\"text-align: center;\">Model: Cristina Casajo<\/p>\n<p><img loading=\"lazy\" decoding=\"async\" class=\"size-large wp-image-4375 aligncenter\" src=\"https:\/\/www.arenamartinez.com\/wp-content\/uploads\/2019\/07\/fashion-and-contemporary-art-arena-martinez-desfile-vernissage-14-683x1024.jpg\" alt=\"\" width=\"683\" height=\"1024\" srcset=\"https:\/\/www.arenamartinez.com\/wp-content\/uploads\/2019\/07\/fashion-and-contemporary-art-arena-martinez-desfile-vernissage-14-683x1024.jpg 683w, https:\/\/www.arenamartinez.com\/wp-content\/uploads\/2019\/07\/fashion-and-contemporary-art-arena-martinez-desfile-vernissage-14-scaled-800x1200.jpg 800w, https:\/\/www.arenamartinez.com\/wp-content\/uploads\/2019\/07\/fashion-and-contemporary-art-arena-martinez-desfile-vernissage-14-scaled-1000x1500.jpg 1000w, https:\/\/www.arenamartinez.com\/wp-content\/uploads\/2019\/07\/fashion-and-contemporary-art-arena-martinez-desfile-vernissage-14-200x300.jpg 200w, https:\/\/www.arenamartinez.com\/wp-content\/uploads\/2019\/07\/fashion-and-contemporary-art-arena-martinez-desfile-vernissage-14-768x1152.jpg 768w, https:\/\/www.arenamartinez.com\/wp-content\/uploads\/2019\/07\/fashion-and-contemporary-art-arena-martinez-desfile-vernissage-14-1080x1620.jpg 1080w, https:\/\/www.arenamartinez.com\/wp-content\/uploads\/2019\/07\/fashion-and-contemporary-art-arena-martinez-desfile-vernissage-14-scaled-400x600.jpg 400w, https:\/\/www.arenamartinez.com\/wp-content\/uploads\/2019\/07\/fashion-and-contemporary-art-arena-martinez-desfile-vernissage-14-scaled-600x900.jpg 600w, https:\/\/www.arenamartinez.com\/wp-content\/uploads\/2019\/07\/fashion-and-contemporary-art-arena-martinez-desfile-vernissage-14-scaled.jpg 1707w\" sizes=\"auto, (max-width: 683px) 100vw, 683px\" \/><\/p>\n<p style=\"text-align: center;\">Model: \u00c1lvaro Garc\u00eda<\/p>\n<p><img loading=\"lazy\" decoding=\"async\" class=\"size-large wp-image-4377 aligncenter\" src=\"https:\/\/www.arenamartinez.com\/wp-content\/uploads\/2019\/07\/fashion-and-contemporary-art-arena-martinez-desfile-vernissage-15-683x1024.jpg\" alt=\"\" width=\"683\" height=\"1024\" srcset=\"https:\/\/www.arenamartinez.com\/wp-content\/uploads\/2019\/07\/fashion-and-contemporary-art-arena-martinez-desfile-vernissage-15-683x1024.jpg 683w, https:\/\/www.arenamartinez.com\/wp-content\/uploads\/2019\/07\/fashion-and-contemporary-art-arena-martinez-desfile-vernissage-15-scaled-800x1200.jpg 800w, https:\/\/www.arenamartinez.com\/wp-content\/uploads\/2019\/07\/fashion-and-contemporary-art-arena-martinez-desfile-vernissage-15-scaled-1000x1500.jpg 1000w, https:\/\/www.arenamartinez.com\/wp-content\/uploads\/2019\/07\/fashion-and-contemporary-art-arena-martinez-desfile-vernissage-15-200x300.jpg 200w, https:\/\/www.arenamartinez.com\/wp-content\/uploads\/2019\/07\/fashion-and-contemporary-art-arena-martinez-desfile-vernissage-15-768x1152.jpg 768w, https:\/\/www.arenamartinez.com\/wp-content\/uploads\/2019\/07\/fashion-and-contemporary-art-arena-martinez-desfile-vernissage-15-1080x1620.jpg 1080w, https:\/\/www.arenamartinez.com\/wp-content\/uploads\/2019\/07\/fashion-and-contemporary-art-arena-martinez-desfile-vernissage-15-scaled-400x600.jpg 400w, https:\/\/www.arenamartinez.com\/wp-content\/uploads\/2019\/07\/fashion-and-contemporary-art-arena-martinez-desfile-vernissage-15-scaled-600x900.jpg 600w, https:\/\/www.arenamartinez.com\/wp-content\/uploads\/2019\/07\/fashion-and-contemporary-art-arena-martinez-desfile-vernissage-15-scaled.jpg 1707w\" sizes=\"auto, (max-width: 683px) 100vw, 683px\" \/><\/p>\n<p style=\"text-align: center;\">Model: Romina Capocasale<\/p>\n<p><img loading=\"lazy\" decoding=\"async\" class=\"size-large wp-image-4379 aligncenter\" src=\"https:\/\/www.arenamartinez.com\/wp-content\/uploads\/2019\/07\/fashion-and-contemporary-art-arena-martinez-desfile-vernissage-16-675x1024.jpg\" alt=\"\" width=\"675\" height=\"1024\" srcset=\"https:\/\/www.arenamartinez.com\/wp-content\/uploads\/2019\/07\/fashion-and-contemporary-art-arena-martinez-desfile-vernissage-16-675x1024.jpg 675w, https:\/\/www.arenamartinez.com\/wp-content\/uploads\/2019\/07\/fashion-and-contemporary-art-arena-martinez-desfile-vernissage-16-scaled-1000x1518.jpg 1000w, https:\/\/www.arenamartinez.com\/wp-content\/uploads\/2019\/07\/fashion-and-contemporary-art-arena-martinez-desfile-vernissage-16-198x300.jpg 198w, https:\/\/www.arenamartinez.com\/wp-content\/uploads\/2019\/07\/fashion-and-contemporary-art-arena-martinez-desfile-vernissage-16-768x1166.jpg 768w, https:\/\/www.arenamartinez.com\/wp-content\/uploads\/2019\/07\/fashion-and-contemporary-art-arena-martinez-desfile-vernissage-16-1080x1639.jpg 1080w, https:\/\/www.arenamartinez.com\/wp-content\/uploads\/2019\/07\/fashion-and-contemporary-art-arena-martinez-desfile-vernissage-16-scaled-600x911.jpg 600w, https:\/\/www.arenamartinez.com\/wp-content\/uploads\/2019\/07\/fashion-and-contemporary-art-arena-martinez-desfile-vernissage-16-scaled-400x607.jpg 400w, https:\/\/www.arenamartinez.com\/wp-content\/uploads\/2019\/07\/fashion-and-contemporary-art-arena-martinez-desfile-vernissage-16-scaled.jpg 1686w\" sizes=\"auto, (max-width: 675px) 100vw, 675px\" \/><\/p>\n<p style=\"text-align: center;\">Model: Miriam Faraj<\/p>\n<p><img loading=\"lazy\" decoding=\"async\" class=\"size-large wp-image-4381 aligncenter\" src=\"https:\/\/www.arenamartinez.com\/wp-content\/uploads\/2019\/07\/fashion-and-contemporary-art-arena-martinez-desfile-vernissage-17-705x1024.jpg\" alt=\"\" width=\"705\" height=\"1024\" srcset=\"https:\/\/www.arenamartinez.com\/wp-content\/uploads\/2019\/07\/fashion-and-contemporary-art-arena-martinez-desfile-vernissage-17-705x1024.jpg 705w, https:\/\/www.arenamartinez.com\/wp-content\/uploads\/2019\/07\/fashion-and-contemporary-art-arena-martinez-desfile-vernissage-17-scaled-1000x1453.jpg 1000w, https:\/\/www.arenamartinez.com\/wp-content\/uploads\/2019\/07\/fashion-and-contemporary-art-arena-martinez-desfile-vernissage-17-207x300.jpg 207w, https:\/\/www.arenamartinez.com\/wp-content\/uploads\/2019\/07\/fashion-and-contemporary-art-arena-martinez-desfile-vernissage-17-768x1116.jpg 768w, https:\/\/www.arenamartinez.com\/wp-content\/uploads\/2019\/07\/fashion-and-contemporary-art-arena-martinez-desfile-vernissage-17-1080x1569.jpg 1080w, https:\/\/www.arenamartinez.com\/wp-content\/uploads\/2019\/07\/fashion-and-contemporary-art-arena-martinez-desfile-vernissage-17-scaled-600x872.jpg 600w, https:\/\/www.arenamartinez.com\/wp-content\/uploads\/2019\/07\/fashion-and-contemporary-art-arena-martinez-desfile-vernissage-17-scaled-400x581.jpg 400w, https:\/\/www.arenamartinez.com\/wp-content\/uploads\/2019\/07\/fashion-and-contemporary-art-arena-martinez-desfile-vernissage-17-scaled.jpg 1762w\" sizes=\"auto, (max-width: 705px) 100vw, 705px\" \/><\/p>\n<p style=\"text-align: center;\">Model: Victoria Matossian<\/p>\n<p><img loading=\"lazy\" decoding=\"async\" class=\"size-large wp-image-4383 aligncenter\" src=\"https:\/\/www.arenamartinez.com\/wp-content\/uploads\/2019\/07\/fashion-and-contemporary-art-arena-martinez-desfile-vernissage-18-683x1024.jpg\" alt=\"\" width=\"683\" height=\"1024\" srcset=\"https:\/\/www.arenamartinez.com\/wp-content\/uploads\/2019\/07\/fashion-and-contemporary-art-arena-martinez-desfile-vernissage-18-683x1024.jpg 683w, https:\/\/www.arenamartinez.com\/wp-content\/uploads\/2019\/07\/fashion-and-contemporary-art-arena-martinez-desfile-vernissage-18-scaled-800x1200.jpg 800w, https:\/\/www.arenamartinez.com\/wp-content\/uploads\/2019\/07\/fashion-and-contemporary-art-arena-martinez-desfile-vernissage-18-scaled-1000x1501.jpg 1000w, https:\/\/www.arenamartinez.com\/wp-content\/uploads\/2019\/07\/fashion-and-contemporary-art-arena-martinez-desfile-vernissage-18-200x300.jpg 200w, https:\/\/www.arenamartinez.com\/wp-content\/uploads\/2019\/07\/fashion-and-contemporary-art-arena-martinez-desfile-vernissage-18-768x1152.jpg 768w, https:\/\/www.arenamartinez.com\/wp-content\/uploads\/2019\/07\/fashion-and-contemporary-art-arena-martinez-desfile-vernissage-18-1080x1620.jpg 1080w, https:\/\/www.arenamartinez.com\/wp-content\/uploads\/2019\/07\/fashion-and-contemporary-art-arena-martinez-desfile-vernissage-18-scaled-400x600.jpg 400w, https:\/\/www.arenamartinez.com\/wp-content\/uploads\/2019\/07\/fashion-and-contemporary-art-arena-martinez-desfile-vernissage-18-scaled-600x900.jpg 600w, https:\/\/www.arenamartinez.com\/wp-content\/uploads\/2019\/07\/fashion-and-contemporary-art-arena-martinez-desfile-vernissage-18-scaled.jpg 1706w\" sizes=\"auto, (max-width: 683px) 100vw, 683px\" \/><\/p>\n<p style=\"text-align: center;\">Model: Promise<\/p>\n<p><img loading=\"lazy\" decoding=\"async\" class=\"size-large wp-image-4385 aligncenter\" src=\"https:\/\/www.arenamartinez.com\/wp-content\/uploads\/2019\/07\/fashion-and-contemporary-art-arena-martinez-desfile-vernissage-19-683x1024.jpg\" alt=\"\" width=\"683\" height=\"1024\" srcset=\"https:\/\/www.arenamartinez.com\/wp-content\/uploads\/2019\/07\/fashion-and-contemporary-art-arena-martinez-desfile-vernissage-19-683x1024.jpg 683w, https:\/\/www.arenamartinez.com\/wp-content\/uploads\/2019\/07\/fashion-and-contemporary-art-arena-martinez-desfile-vernissage-19-scaled-800x1200.jpg 800w, https:\/\/www.arenamartinez.com\/wp-content\/uploads\/2019\/07\/fashion-and-contemporary-art-arena-martinez-desfile-vernissage-19-scaled-1000x1500.jpg 1000w, https:\/\/www.arenamartinez.com\/wp-content\/uploads\/2019\/07\/fashion-and-contemporary-art-arena-martinez-desfile-vernissage-19-200x300.jpg 200w, https:\/\/www.arenamartinez.com\/wp-content\/uploads\/2019\/07\/fashion-and-contemporary-art-arena-martinez-desfile-vernissage-19-768x1152.jpg 768w, https:\/\/www.arenamartinez.com\/wp-content\/uploads\/2019\/07\/fashion-and-contemporary-art-arena-martinez-desfile-vernissage-19-1080x1620.jpg 1080w, https:\/\/www.arenamartinez.com\/wp-content\/uploads\/2019\/07\/fashion-and-contemporary-art-arena-martinez-desfile-vernissage-19-scaled-400x600.jpg 400w, https:\/\/www.arenamartinez.com\/wp-content\/uploads\/2019\/07\/fashion-and-contemporary-art-arena-martinez-desfile-vernissage-19-scaled-600x900.jpg 600w, https:\/\/www.arenamartinez.com\/wp-content\/uploads\/2019\/07\/fashion-and-contemporary-art-arena-martinez-desfile-vernissage-19-scaled.jpg 1707w\" sizes=\"auto, (max-width: 683px) 100vw, 683px\" \/><\/p>\n<p style=\"text-align: center;\">Model: Andr\u00e9s Cuadrado<\/p>\n<p><img loading=\"lazy\" decoding=\"async\" class=\"size-large wp-image-4387 aligncenter\" src=\"https:\/\/www.arenamartinez.com\/wp-content\/uploads\/2019\/07\/fashion-and-contemporary-art-arena-martinez-desfile-vernissage-20-683x1024.jpg\" alt=\"\" width=\"683\" height=\"1024\" srcset=\"https:\/\/www.arenamartinez.com\/wp-content\/uploads\/2019\/07\/fashion-and-contemporary-art-arena-martinez-desfile-vernissage-20-683x1024.jpg 683w, https:\/\/www.arenamartinez.com\/wp-content\/uploads\/2019\/07\/fashion-and-contemporary-art-arena-martinez-desfile-vernissage-20-scaled-800x1200.jpg 800w, https:\/\/www.arenamartinez.com\/wp-content\/uploads\/2019\/07\/fashion-and-contemporary-art-arena-martinez-desfile-vernissage-20-scaled-1000x1500.jpg 1000w, https:\/\/www.arenamartinez.com\/wp-content\/uploads\/2019\/07\/fashion-and-contemporary-art-arena-martinez-desfile-vernissage-20-200x300.jpg 200w, https:\/\/www.arenamartinez.com\/wp-content\/uploads\/2019\/07\/fashion-and-contemporary-art-arena-martinez-desfile-vernissage-20-768x1152.jpg 768w, https:\/\/www.arenamartinez.com\/wp-content\/uploads\/2019\/07\/fashion-and-contemporary-art-arena-martinez-desfile-vernissage-20-1080x1620.jpg 1080w, https:\/\/www.arenamartinez.com\/wp-content\/uploads\/2019\/07\/fashion-and-contemporary-art-arena-martinez-desfile-vernissage-20-scaled-400x600.jpg 400w, https:\/\/www.arenamartinez.com\/wp-content\/uploads\/2019\/07\/fashion-and-contemporary-art-arena-martinez-desfile-vernissage-20-scaled-600x900.jpg 600w, https:\/\/www.arenamartinez.com\/wp-content\/uploads\/2019\/07\/fashion-and-contemporary-art-arena-martinez-desfile-vernissage-20-scaled.jpg 1707w\" sizes=\"auto, (max-width: 683px) 100vw, 683px\" \/><\/p>\n<p style=\"text-align: center;\">Model: Silvia Parra<\/p>\n","protected":false},"excerpt":{"rendered":"<p>The month of July begins very moved for the world of fashion, invading the city of glamor with the # 70 edition of Mercedes Benz Fashion Week Madrid.The MBFW has a special program called OFF MBFW Madrid, where we had the privilege of opening Fashion Week by showing our SS20 collection in collaboration with the [&hellip;]<\/p>\n","protected":false},"author":2,"featured_media":4389,"comment_status":"closed","ping_status":"closed","sticky":false,"template":"","format":"standard","meta":{"footnotes":""},"categories":[50],"tags":[],"class_list":["post-4345","post","type-post","status-publish","format-standard","has-post-thumbnail","hentry","category-blog"],"_links":{"self":[{"href":"https:\/\/www.arenamartinez.com\/en\/wp-json\/wp\/v2\/posts\/4345","targetHints":{"allow":["GET"]}}],"collection":[{"href":"https:\/\/www.arenamartinez.com\/en\/wp-json\/wp\/v2\/posts"}],"about":[{"href":"https:\/\/www.arenamartinez.com\/en\/wp-json\/wp\/v2\/types\/post"}],"author":[{"embeddable":true,"href":"https:\/\/www.arenamartinez.com\/en\/wp-json\/wp\/v2\/users\/2"}],"replies":[{"embeddable":true,"href":"https:\/\/www.arenamartinez.com\/en\/wp-json\/wp\/v2\/comments?post=4345"}],"version-history":[{"count":0,"href":"https:\/\/www.arenamartinez.com\/en\/wp-json\/wp\/v2\/posts\/4345\/revisions"}],"wp:featuredmedia":[{"embeddable":true,"href":"https:\/\/www.arenamartinez.com\/en\/wp-json\/wp\/v2\/media\/4389"}],"wp:attachment":[{"href":"https:\/\/www.arenamartinez.com\/en\/wp-json\/wp\/v2\/media?parent=4345"}],"wp:term":[{"taxonomy":"category","embeddable":true,"href":"https:\/\/www.arenamartinez.com\/en\/wp-json\/wp\/v2\/categories?post=4345"},{"taxonomy":"post_tag","embeddable":true,"href":"https:\/\/www.arenamartinez.com\/en\/wp-json\/wp\/v2\/tags?post=4345"}],"curies":[{"name":"wp","href":"https:\/\/api.w.org\/{rel}","templated":true}]}}